{"help": "https://opendata.leipzig.de/en/api/3/action/help_show?name=datastore_search", "success": true, "result": {"include_total": true, "limit": 100, "records_format": "objects", "resource_id": "ad65960a-df97-45c1-aad9-2ca5a7f3f191", "total_estimation_threshold": null, "records": [{"_id":1,"Jahr":2012,"Personal insgesamt":3209,"Hauswirtschaftliches und technisches Personal":323,"Pädagogisches Personal und Verwaltungspersonal":2886,"p_dagogisches_personal_und_verwaltungspersonal___geschlecht_":2687,"p_dagogisches_personal_und_verwaltungspersonal___geschlecht__2":199,"p_dagogisches_personal_und_verwaltungspersonal___alter___unt":275,"p_dagogisches_personal_und_verwaltungspersonal___alter___25_":815,"p_dagogisches_personal_und_verwaltungspersonal___alter___40_":1362,"p_dagogisches_personal_und_verwaltungspersonal___alter___55_":434,"p_dagogisches_personal_und_verwaltungspersonal___wochenarbei":617,"p_dagogisches_personal_und_verwaltungspersonal___wochenarbei_2":1047,"p_dagogisches_personal_und_verwaltungspersonal___wochenarbei_3":1084,"p_dagogisches_personal_und_verwaltungspersonal___wochenarbei_4":138,"p_dagogisches_personal_und_verwaltungspersonal___berufliche_":2749,"p_dagogisches_personal_und_verwaltungspersonal___berufliche__2":"x","p_dagogisches_personal_und_verwaltungspersonal___berufliche__3":54,"p_dagogisches_personal_und_verwaltungspersonal___berufliche__4":38,"p_dagogisches_personal_und_verwaltungspersonal___berufliche__5":45},{"_id":2,"Jahr":2017,"Personal insgesamt":4334,"Hauswirtschaftliches und technisches Personal":401,"Pädagogisches Personal und Verwaltungspersonal":3933,"p_dagogisches_personal_und_verwaltungspersonal___geschlecht_":3495,"p_dagogisches_personal_und_verwaltungspersonal___geschlecht__2":438,"p_dagogisches_personal_und_verwaltungspersonal___alter___unt":291,"p_dagogisches_personal_und_verwaltungspersonal___alter___25_":1662,"p_dagogisches_personal_und_verwaltungspersonal___alter___40_":1318,"p_dagogisches_personal_und_verwaltungspersonal___alter___55_":662,"p_dagogisches_personal_und_verwaltungspersonal___wochenarbei":890,"p_dagogisches_personal_und_verwaltungspersonal___wochenarbei_2":1666,"p_dagogisches_personal_und_verwaltungspersonal___wochenarbei_3":1163,"p_dagogisches_personal_und_verwaltungspersonal___wochenarbei_4":214,"p_dagogisches_personal_und_verwaltungspersonal___berufliche_":3768,"p_dagogisches_personal_und_verwaltungspersonal___berufliche__2":"582","p_dagogisches_personal_und_verwaltungspersonal___berufliche__3":37,"p_dagogisches_personal_und_verwaltungspersonal___berufliche__4":93,"p_dagogisches_personal_und_verwaltungspersonal___berufliche__5":35},{"_id":3,"Jahr":2021,"Personal insgesamt":5335,"Hauswirtschaftliches und technisches Personal":416,"Pädagogisches Personal und Verwaltungspersonal":4919,"p_dagogisches_personal_und_verwaltungspersonal___geschlecht_":4220,"p_dagogisches_personal_und_verwaltungspersonal___geschlecht__2":699,"p_dagogisches_personal_und_verwaltungspersonal___alter___unt":490,"p_dagogisches_personal_und_verwaltungspersonal___alter___25_":2408,"p_dagogisches_personal_und_verwaltungspersonal___alter___40_":1280,"p_dagogisches_personal_und_verwaltungspersonal___alter___55_":741,"p_dagogisches_personal_und_verwaltungspersonal___wochenarbei":1108,"p_dagogisches_personal_und_verwaltungspersonal___wochenarbei_2":2230,"p_dagogisches_personal_und_verwaltungspersonal___wochenarbei_3":1182,"p_dagogisches_personal_und_verwaltungspersonal___wochenarbei_4":399,"p_dagogisches_personal_und_verwaltungspersonal___berufliche_":4738,"p_dagogisches_personal_und_verwaltungspersonal___berufliche__2":"677","p_dagogisches_personal_und_verwaltungspersonal___berufliche__3":42,"p_dagogisches_personal_und_verwaltungspersonal___berufliche__4":79,"p_dagogisches_personal_und_verwaltungspersonal___berufliche__5":60},{"_id":4,"Jahr":2022,"Personal insgesamt":5428,"Hauswirtschaftliches und technisches Personal":391,"Pädagogisches Personal und Verwaltungspersonal":5037,"p_dagogisches_personal_und_verwaltungspersonal___geschlecht_":4311,"p_dagogisches_personal_und_verwaltungspersonal___geschlecht__2":726,"p_dagogisches_personal_und_verwaltungspersonal___alter___unt":498,"p_dagogisches_personal_und_verwaltungspersonal___alter___25_":2427,"p_dagogisches_personal_und_verwaltungspersonal___alter___40_":1321,"p_dagogisches_personal_und_verwaltungspersonal___alter___55_":791,"p_dagogisches_personal_und_verwaltungspersonal___wochenarbei":1039,"p_dagogisches_personal_und_verwaltungspersonal___wochenarbei_2":2319,"p_dagogisches_personal_und_verwaltungspersonal___wochenarbei_3":1256,"p_dagogisches_personal_und_verwaltungspersonal___wochenarbei_4":423,"p_dagogisches_personal_und_verwaltungspersonal___berufliche_":4855,"p_dagogisches_personal_und_verwaltungspersonal___berufliche__2":"670","p_dagogisches_personal_und_verwaltungspersonal___berufliche__3":45,"p_dagogisches_personal_und_verwaltungspersonal___berufliche__4":73,"p_dagogisches_personal_und_verwaltungspersonal___berufliche__5":64}], "fields": [{"id": "_id", "type": "int"}, {"id": "Jahr", "type": "numeric", "info": {"label": "Jahr"}}, {"id": "Personal insgesamt", "type": "numeric", "info": {"label": "Personal insgesamt"}}, {"id": "Hauswirtschaftliches und technisches Personal", "type": "numeric", "info": {"label": "Hauswirtschaftliches und technisches Personal"}}, {"id": "P\u00e4dagogisches Personal und Verwaltungspersonal", "type": "numeric", "info": {"label": "P\u00e4dagogisches Personal und Verwaltungspersonal"}}, {"id": "p_dagogisches_personal_und_verwaltungspersonal___geschlecht_", "type": "numeric", "info": {"label": "P\u00e4dagogisches Personal und Verwaltungspersonal - Geschlecht - weiblich"}}, {"id": "p_dagogisches_personal_und_verwaltungspersonal___geschlecht__2", "type": "numeric", "info": {"label": "P\u00e4dagogisches Personal und Verwaltungspersonal - Geschlecht - m\u00e4nnlich"}}, {"id": "p_dagogisches_personal_und_verwaltungspersonal___alter___unt", "type": "numeric", "info": {"label": "P\u00e4dagogisches Personal und Verwaltungspersonal - Alter - unter 25 Jahre"}}, {"id": "p_dagogisches_personal_und_verwaltungspersonal___alter___25_", "type": "numeric", "info": {"label": "P\u00e4dagogisches Personal und Verwaltungspersonal - Alter - 25 bis unter 40 Jahre"}}, {"id": "p_dagogisches_personal_und_verwaltungspersonal___alter___40_", "type": "numeric", "info": {"label": "P\u00e4dagogisches Personal und Verwaltungspersonal - Alter - 40 bis unter 54 Jahre"}}, {"id": "p_dagogisches_personal_und_verwaltungspersonal___alter___55_", "type": "numeric", "info": {"label": "P\u00e4dagogisches Personal und Verwaltungspersonal - Alter - 55 Jahre und \u00e4lter"}}, {"id": "p_dagogisches_personal_und_verwaltungspersonal___wochenarbei", "type": "numeric", "info": {"label": "P\u00e4dagogisches Personal und Verwaltungspersonal - Wochenarbeitsstunden - 38 und mehr"}}, {"id": "p_dagogisches_personal_und_verwaltungspersonal___wochenarbei_2", "type": "numeric", "info": {"label": "P\u00e4dagogisches Personal und Verwaltungspersonal - Wochenarbeitsstunden - 32 bis unter 38"}}, {"id": "p_dagogisches_personal_und_verwaltungspersonal___wochenarbei_3", "type": "numeric", "info": {"label": "P\u00e4dagogisches Personal und Verwaltungspersonal - Wochenarbeitsstunden - 25 bis unter 32"}}, {"id": "p_dagogisches_personal_und_verwaltungspersonal___wochenarbei_4", "type": "numeric", "info": {"label": "P\u00e4dagogisches Personal und Verwaltungspersonal - Wochenarbeitsstunden - unter 25"}}, {"id": "p_dagogisches_personal_und_verwaltungspersonal___berufliche_", "type": "numeric", "info": {"label": "P\u00e4dagogisches Personal und Verwaltungspersonal - berufliche Stellung - Angestellte"}}, {"id": "p_dagogisches_personal_und_verwaltungspersonal___berufliche__2", "type": "text", "info": {"label": "P\u00e4dagogisches Personal und Verwaltungspersonal - berufliche Stellung -  Angestellte befristet"}}, {"id": "p_dagogisches_personal_und_verwaltungspersonal___berufliche__3", "type": "numeric", "info": {"label": "P\u00e4dagogisches Personal und Verwaltungspersonal - berufliche Stellung - Praktikanten"}}, {"id": "p_dagogisches_personal_und_verwaltungspersonal___berufliche__4", "type": "numeric", "info": {"label": "P\u00e4dagogisches Personal und Verwaltungspersonal - berufliche Stellung - Personen im freiwilligen sozialen Jahr/ BFD"}}, {"id": "p_dagogisches_personal_und_verwaltungspersonal___berufliche__5", "type": "numeric", "info": {"label": "P\u00e4dagogisches Personal und Verwaltungspersonal - berufliche Stellung - Sonstige"}}], "_links": {"start": "/api/3/action/datastore_search?resource_id=ad65960a-df97-45c1-aad9-2ca5a7f3f191", "next": "/api/3/action/datastore_search?resource_id=ad65960a-df97-45c1-aad9-2ca5a7f3f191&offset=100"}, "total": 4, "total_was_estimated": false}}