{"help": "https://opendata.leipzig.de/en/api/3/action/help_show?name=datastore_search", "success": true, "result": {"include_total": true, "limit": 100, "records_format": "objects", "resource_id": "3dd8f797-1a3e-4f26-9e81-9f66aeea730d", "total_estimation_threshold": null, "records": [{"_id":1,"Geschlecht und Altersgruppe":"männlich 18 bis 24","Anzahl Befragte":36,"ja von Kurzarbeit bis 3 Monate":5,"ja von Kurzarbeit länger als 3 Monate":3,"ja von mehr Arbeitsstunden als ich für gewöhnlich leiste":7,"ja_von_weniger_arbeitsstunden_als_ich_f_r_gew_hnlich_leiste":22,"ja Arbeitsplatzverlust durch Stellenabbau beim Arbeitgeber":5,"ja Arbeitsplatzverlust durch Insolvenz des Arbeitgebers":5,"ja_wegfall_geplanter_befristeter_oder_unbefristeter_arbeitsg":9,"nein ich war von keiner der genannten Änderungen betroffen":64},{"_id":2,"Geschlecht und Altersgruppe":"männlich 25 bis 34","Anzahl Befragte":101,"ja von Kurzarbeit bis 3 Monate":15,"ja von Kurzarbeit länger als 3 Monate":8,"ja von mehr Arbeitsstunden als ich für gewöhnlich leiste":11,"ja_von_weniger_arbeitsstunden_als_ich_f_r_gew_hnlich_leiste":15,"ja Arbeitsplatzverlust durch Stellenabbau beim Arbeitgeber":8,"ja Arbeitsplatzverlust durch Insolvenz des Arbeitgebers":0,"ja_wegfall_geplanter_befristeter_oder_unbefristeter_arbeitsg":7,"nein ich war von keiner der genannten Änderungen betroffen":55},{"_id":3,"Geschlecht und Altersgruppe":"männlich 35 bis 44","Anzahl Befragte":114,"ja von Kurzarbeit bis 3 Monate":6,"ja von Kurzarbeit länger als 3 Monate":14,"ja von mehr Arbeitsstunden als ich für gewöhnlich leiste":14,"ja_von_weniger_arbeitsstunden_als_ich_f_r_gew_hnlich_leiste":15,"ja Arbeitsplatzverlust durch Stellenabbau beim Arbeitgeber":3,"ja Arbeitsplatzverlust durch Insolvenz des Arbeitgebers":1,"ja_wegfall_geplanter_befristeter_oder_unbefristeter_arbeitsg":7,"nein ich war von keiner der genannten Änderungen betroffen":58},{"_id":4,"Geschlecht und Altersgruppe":"männlich 45 bis 64","Anzahl Befragte":151,"ja von Kurzarbeit bis 3 Monate":14,"ja von Kurzarbeit länger als 3 Monate":4,"ja von mehr Arbeitsstunden als ich für gewöhnlich leiste":9,"ja_von_weniger_arbeitsstunden_als_ich_f_r_gew_hnlich_leiste":12,"ja Arbeitsplatzverlust durch Stellenabbau beim Arbeitgeber":3,"ja Arbeitsplatzverlust durch Insolvenz des Arbeitgebers":2,"ja_wegfall_geplanter_befristeter_oder_unbefristeter_arbeitsg":7,"nein ich war von keiner der genannten Änderungen betroffen":61},{"_id":5,"Geschlecht und Altersgruppe":"männlich 65 bis 79","Anzahl Befragte":68,"ja von Kurzarbeit bis 3 Monate":0,"ja von Kurzarbeit länger als 3 Monate":0,"ja von mehr Arbeitsstunden als ich für gewöhnlich leiste":5,"ja_von_weniger_arbeitsstunden_als_ich_f_r_gew_hnlich_leiste":5,"ja Arbeitsplatzverlust durch Stellenabbau beim Arbeitgeber":0,"ja Arbeitsplatzverlust durch Insolvenz des Arbeitgebers":0,"ja_wegfall_geplanter_befristeter_oder_unbefristeter_arbeitsg":3,"nein ich war von keiner der genannten Änderungen betroffen":88},{"_id":6,"Geschlecht und Altersgruppe":"männlich 80 bis 90","Anzahl Befragte":32,"ja von Kurzarbeit bis 3 Monate":0,"ja von Kurzarbeit länger als 3 Monate":0,"ja von mehr Arbeitsstunden als ich für gewöhnlich leiste":0,"ja_von_weniger_arbeitsstunden_als_ich_f_r_gew_hnlich_leiste":0,"ja Arbeitsplatzverlust durch Stellenabbau beim Arbeitgeber":5,"ja Arbeitsplatzverlust durch Insolvenz des Arbeitgebers":5,"ja_wegfall_geplanter_befristeter_oder_unbefristeter_arbeitsg":5,"nein ich war von keiner der genannten Änderungen betroffen":95},{"_id":7,"Geschlecht und Altersgruppe":"weiblich 18 bis 24","Anzahl Befragte":51,"ja von Kurzarbeit bis 3 Monate":0,"ja von Kurzarbeit länger als 3 Monate":4,"ja von mehr Arbeitsstunden als ich für gewöhnlich leiste":12,"ja_von_weniger_arbeitsstunden_als_ich_f_r_gew_hnlich_leiste":8,"ja Arbeitsplatzverlust durch Stellenabbau beim Arbeitgeber":4,"ja Arbeitsplatzverlust durch Insolvenz des Arbeitgebers":0,"ja_wegfall_geplanter_befristeter_oder_unbefristeter_arbeitsg":13,"nein ich war von keiner der genannten Änderungen betroffen":65},{"_id":8,"Geschlecht und Altersgruppe":"weiblich 25 bis 34","Anzahl Befragte":118,"ja von Kurzarbeit bis 3 Monate":5,"ja von Kurzarbeit länger als 3 Monate":9,"ja von mehr Arbeitsstunden als ich für gewöhnlich leiste":16,"ja_von_weniger_arbeitsstunden_als_ich_f_r_gew_hnlich_leiste":7,"ja Arbeitsplatzverlust durch Stellenabbau beim Arbeitgeber":2,"ja Arbeitsplatzverlust durch Insolvenz des Arbeitgebers":0,"ja_wegfall_geplanter_befristeter_oder_unbefristeter_arbeitsg":13,"nein ich war von keiner der genannten Änderungen betroffen":61},{"_id":9,"Geschlecht und Altersgruppe":"weiblich 35 bis 44","Anzahl Befragte":102,"ja von Kurzarbeit bis 3 Monate":5,"ja von Kurzarbeit länger als 3 Monate":8,"ja von mehr Arbeitsstunden als ich für gewöhnlich leiste":22,"ja_von_weniger_arbeitsstunden_als_ich_f_r_gew_hnlich_leiste":2,"ja Arbeitsplatzverlust durch Stellenabbau beim Arbeitgeber":4,"ja Arbeitsplatzverlust durch Insolvenz des Arbeitgebers":0,"ja_wegfall_geplanter_befristeter_oder_unbefristeter_arbeitsg":7,"nein ich war von keiner der genannten Änderungen betroffen":60},{"_id":10,"Geschlecht und Altersgruppe":"weiblich 45 bis 64","Anzahl Befragte":138,"ja von Kurzarbeit bis 3 Monate":12,"ja von Kurzarbeit länger als 3 Monate":3,"ja von mehr Arbeitsstunden als ich für gewöhnlich leiste":16,"ja_von_weniger_arbeitsstunden_als_ich_f_r_gew_hnlich_leiste":2,"ja Arbeitsplatzverlust durch Stellenabbau beim Arbeitgeber":8,"ja Arbeitsplatzverlust durch Insolvenz des Arbeitgebers":0,"ja_wegfall_geplanter_befristeter_oder_unbefristeter_arbeitsg":4,"nein ich war von keiner der genannten Änderungen betroffen":64},{"_id":11,"Geschlecht und Altersgruppe":"weiblich 65 bis 79","Anzahl Befragte":85,"ja von Kurzarbeit bis 3 Monate":3,"ja von Kurzarbeit länger als 3 Monate":0,"ja von mehr Arbeitsstunden als ich für gewöhnlich leiste":0,"ja_von_weniger_arbeitsstunden_als_ich_f_r_gew_hnlich_leiste":2,"ja Arbeitsplatzverlust durch Stellenabbau beim Arbeitgeber":1,"ja Arbeitsplatzverlust durch Insolvenz des Arbeitgebers":0,"ja_wegfall_geplanter_befristeter_oder_unbefristeter_arbeitsg":0,"nein ich war von keiner der genannten Änderungen betroffen":94},{"_id":12,"Geschlecht und Altersgruppe":"weiblich 80 bis 90","Anzahl Befragte":37,"ja von Kurzarbeit bis 3 Monate":0,"ja von Kurzarbeit länger als 3 Monate":0,"ja von mehr Arbeitsstunden als ich für gewöhnlich leiste":0,"ja_von_weniger_arbeitsstunden_als_ich_f_r_gew_hnlich_leiste":0,"ja Arbeitsplatzverlust durch Stellenabbau beim Arbeitgeber":0,"ja Arbeitsplatzverlust durch Insolvenz des Arbeitgebers":0,"ja_wegfall_geplanter_befristeter_oder_unbefristeter_arbeitsg":0,"nein ich war von keiner der genannten Änderungen betroffen":100}], "fields": [{"id": "_id", "type": "int"}, {"id": "Geschlecht und Altersgruppe", "type": "text", "info": {"label": "Geschlecht und Altersgruppe"}}, {"id": "Anzahl Befragte", "type": "numeric", "info": {"label": "Anzahl Befragte"}}, {"id": "ja von Kurzarbeit bis 3 Monate", "type": "numeric", "info": {"label": "ja von Kurzarbeit bis 3 Monate"}}, {"id": "ja von Kurzarbeit l\u00e4nger als 3 Monate", "type": "numeric", "info": {"label": "ja von Kurzarbeit l\u00e4nger als 3 Monate"}}, {"id": "ja von mehr Arbeitsstunden als ich f\u00fcr gew\u00f6hnlich leiste", "type": "numeric", "info": {"label": "ja von mehr Arbeitsstunden als ich f\u00fcr gew\u00f6hnlich leiste"}}, {"id": "ja_von_weniger_arbeitsstunden_als_ich_f_r_gew_hnlich_leiste", "type": "numeric", "info": {"label": "ja von weniger Arbeitsstunden als ich f\u00fcr gew\u00f6hnlich leiste"}}, {"id": "ja Arbeitsplatzverlust durch Stellenabbau beim Arbeitgeber", "type": "numeric", "info": {"label": "ja Arbeitsplatzverlust durch Stellenabbau beim Arbeitgeber"}}, {"id": "ja Arbeitsplatzverlust durch Insolvenz des Arbeitgebers", "type": "numeric", "info": {"label": "ja Arbeitsplatzverlust durch Insolvenz des Arbeitgebers"}}, {"id": "ja_wegfall_geplanter_befristeter_oder_unbefristeter_arbeitsg", "type": "numeric", "info": {"label": "ja Wegfall geplanter befristeter oder unbefristeter Arbeitsgelegenheiten"}}, {"id": "nein ich war von keiner der genannten \u00c4nderungen betroffen", "type": "numeric", "info": {"label": "nein ich war von keiner der genannten \u00c4nderungen betroffen"}}], "_links": {"start": "/api/3/action/datastore_search?resource_id=3dd8f797-1a3e-4f26-9e81-9f66aeea730d", "next": "/api/3/action/datastore_search?resource_id=3dd8f797-1a3e-4f26-9e81-9f66aeea730d&offset=100"}, "total": 12, "total_was_estimated": false}}